{"id":1578,"date":"2025-03-16T11:21:23","date_gmt":"2025-03-16T14:21:23","guid":{"rendered":"https:\/\/epistemeonline.com\/?p=1578"},"modified":"2025-03-16T11:21:25","modified_gmt":"2025-03-16T14:21:25","slug":"baixe-o-caderno-pedagogico-02-desenvolvimento-cognitivo-de-criancas-de-02-anos-de-idade","status":"publish","type":"post","link":"https:\/\/epistemeonline.com\/index.php\/2025\/03\/16\/baixe-o-caderno-pedagogico-02-desenvolvimento-cognitivo-de-criancas-de-02-anos-de-idade\/","title":{"rendered":"Baixe o Caderno Pedag\u00f3gico 02: Desenvolvimento cognitivo de crian\u00e7as de 02 anos de idade"},"content":{"rendered":"<div data-block-name=\"woocommerce\/featured-product\" data-edit-mode=\"false\" data-product-id=\"1538\" class=\"wc-block-featured-product alignnone has-background-dim wp-block-woocommerce-featured-product\" style=\"min-height:500px;\"><div class=\"wc-block-featured-product__wrapper\"><div class=\"background-dim__overlay\" style=\"background-color: #000000\"><\/div><img decoding=\"async\" alt=\"Caderno Pedag\u00f3gico 02: Desenvolvimento cognitivo de crian\u00e7as de 02 anos de idade\" class=\"wc-block-featured-product__background-image\" src=\"https:\/\/epistemeonline.com\/wp-content\/uploads\/2025\/03\/capaeps2-1024x768.png\" style=\"object-fit: none;object-position: 50% 50%;\" \/><h2 class=\"wc-block-featured-product__title\">Caderno Pedag\u00f3gico 02: Desenvolvimento cognitivo de crian\u00e7as de 02 anos de idade<\/h2><div class=\"wc-block-featured-product__description\"><p>O desenvolvimento cognitivo de crian\u00e7as de 2 anos de idade \u00e9 marcado por avan\u00e7os significativos em v\u00e1rias \u00e1reas, incluindo pensamento, linguagem, resolu\u00e7\u00e3o de problemas e compreens\u00e3o do mundo ao seu redor. Nessa fase, as crian\u00e7as est\u00e3o no est\u00e1gio pr\u00e9-operacional, segundo a teoria de Jean Piaget, e apresentam caracter\u00edsticas cognitivas espec\u00edficas.<\/p>\n<\/div><div class=\"wc-block-featured-product__price\"><span class=\"woocommerce-Price-amount amount\"><span class=\"woocommerce-Price-currencySymbol\">&#082;&#036;<\/span>0,00<\/span><\/div><div class=\"wc-block-featured-product__inner-blocks\">\n\n<div class=\"wp-block-buttons is-content-justification-center is-layout-flex wp-container-core-buttons-is-layout-16018d1d wp-block-buttons-is-layout-flex\">\n<div class=\"wp-block-button\"><a class=\"wp-block-button__link wp-element-button\" href=\"https:\/\/epistemeonline.com\/index.php\/product\/caderno-pedagogico-02-desenvolvimento-cognitivo-de-criancas-de-02-anos-de-idade\/\">Baixe gratuitamente<\/a><\/div>\n<\/div>\n\n<\/div><\/div><\/div>","protected":false},"excerpt":{"rendered":"","protected":false},"author":1,"featured_media":1539,"comment_status":"open","ping_status":"open","sticky":false,"template":"","format":"standard","meta":{"footnotes":""},"categories":[47,48],"tags":[49],"class_list":["post-1578","post","type-post","status-publish","format-standard","has-post-thumbnail","hentry","category-cadernos-pedagogicos","category-downloads","tag-material-gratuito"],"_links":{"self":[{"href":"https:\/\/epistemeonline.com\/index.php\/wp-json\/wp\/v2\/posts\/1578","targetHints":{"allow":["GET"]}}],"collection":[{"href":"https:\/\/epistemeonline.com\/index.php\/wp-json\/wp\/v2\/posts"}],"about":[{"href":"https:\/\/epistemeonline.com\/index.php\/wp-json\/wp\/v2\/types\/post"}],"author":[{"embeddable":true,"href":"https:\/\/epistemeonline.com\/index.php\/wp-json\/wp\/v2\/users\/1"}],"replies":[{"embeddable":true,"href":"https:\/\/epistemeonline.com\/index.php\/wp-json\/wp\/v2\/comments?post=1578"}],"version-history":[{"count":1,"href":"https:\/\/epistemeonline.com\/index.php\/wp-json\/wp\/v2\/posts\/1578\/revisions"}],"predecessor-version":[{"id":1579,"href":"https:\/\/epistemeonline.com\/index.php\/wp-json\/wp\/v2\/posts\/1578\/revisions\/1579"}],"wp:featuredmedia":[{"embeddable":true,"href":"https:\/\/epistemeonline.com\/index.php\/wp-json\/wp\/v2\/media\/1539"}],"wp:attachment":[{"href":"https:\/\/epistemeonline.com\/index.php\/wp-json\/wp\/v2\/media?parent=1578"}],"wp:term":[{"taxonomy":"category","embeddable":true,"href":"https:\/\/epistemeonline.com\/index.php\/wp-json\/wp\/v2\/categories?post=1578"},{"taxonomy":"post_tag","embeddable":true,"href":"https:\/\/epistemeonline.com\/index.php\/wp-json\/wp\/v2\/tags?post=1578"}],"curies":[{"name":"wp","href":"https:\/\/api.w.org\/{rel}","templated":true}]}}